{"id":4938,"date":"2013-01-10T12:51:40","date_gmt":"2013-01-10T12:51:40","guid":{"rendered":"https:\/\/inveske.co.uk\/a-quase-morte-da-veve-o-ciclista-que-pode-ter-quebrado-a-mao-o-outro-a-vida-e-os-sonhos-do-outro\/"},"modified":"2013-01-10T12:51:40","modified_gmt":"2013-01-10T12:51:40","slug":"a-quase-morte-da-veve-o-ciclista-que-pode-ter-quebrado-a-mao-o-outro-a-vida-e-os-sonhos-do-outro","status":"publish","type":"post","link":"https:\/\/www.mariliacoutinho.com\/pt-br\/a-quase-morte-da-veve-o-ciclista-que-pode-ter-quebrado-a-mao-o-outro-a-vida-e-os-sonhos-do-outro\/","title":{"rendered":"A quase morte da Vev\u00ea, o ciclista que pode ter quebrado a m\u00e3o, o outro, a vida e os sonhos do outro"},"content":{"rendered":"<p><img decoding=\"async\" class=\"alignnone\" src=\"http:\/\/www.mayacycle.com\/wp-content\/uploads\/2011\/12\/bike-accident-590x362.jpg\" alt=\"\" width=\"283\" height=\"174\" \/><\/p>\n<p>\u201cO inferno s\u00e3o os outros\u201d, disse Sartre (<a href=\"http:\/\/en.wikipedia.org\/wiki\/No_Exit\">L&#8217;enfer, c&#8217;est les autres<\/a>).<\/p>\n<p>De um ponto de vista mais antropol\u00f3gico, o inferno \u00e9 o outro constitu\u00eddo como tal, prenhe daquela alteridade que nos incomoda, que rejeitamos e que possivelmente odiamos.<\/p>\n<p>Hoje li o relato publicado do caso que j\u00e1 conhecia. Minha amiga, ciclista e ativista ambiental, pela via do ciclismo, sofreu uma agress\u00e3o brutal nas ruas. Leia <a href=\"http:\/\/blogueirasfeministas.com\/2013\/01\/se-eu-morresse-hoje \">o post<\/a> \u00a0e as reflex\u00f5es dela sobre os segundos em que sua vida poderia ter sido interrompida por um capricho de um \u201coutro\u201d. O outro que se irritou (ou se enfureceu?) sabe-se l\u00e1 com que fantasmas internos dele, al\u00e9m da alega\u00e7\u00e3o boba de que \u201cciclistas n\u00e3o devem andar na faixa dos \u00f4nibus\u201d.<\/p>\n<p>Resolvi compartilhar a minha experi\u00eancia com um ciclista, um rapaz cuja idade n\u00e3o pude estimar sob a chuva torrencial, umas semanas atr\u00e1s.<\/p>\n<p>No meio do congestionamento, senti e ouvi uma pequena batida no meu lado direito. Vi um ciclista se desequilibrando uns metros depois do meu carro. Consegui ver a express\u00e3o dele: um misto de muita dor e medo. Eu abri a janela e ele se aproximou, abaixou e pegou uma pe\u00e7a de pl\u00e1stico besta que caiu do meu espelho direito. O medo dele, claro nos olhos e contra\u00e7\u00e3o dos m\u00fasculos da face, aumentou quando eu fiz isso. Ele me entregou a pecinha e come\u00e7ou a se desculpar, defensivo e s\u00e9rio, dizendo que n\u00e3o tinha danificado nada.<\/p>\n<p>Eu o interrompi e perguntei:<\/p>\n<p>&#8211; como voc\u00ea est\u00e1? Como est\u00e1 sua m\u00e3o? Quer que eu leve voc\u00ea ao hospital? Podemos colocar a bike no meu porta-malas<\/p>\n<p>Ele me olhou meio perplexo, disse que estava bem e agradecia. Eu insisti. Insisti porque trabalho com sa\u00fade e corpo, e se tem uma coisa da qual eu entendo \u00e9 a fragilidade das estruturas \u00f3sseas, ligamentares e tendinosas.<\/p>\n<p>Ele disse que n\u00e3o, que j\u00e1 estava bem, subiu na bike, sem capacete e se mandou.<\/p>\n<p>Fiquei olhando o carinha sob a chuva pesada num come\u00e7o de noite de tr\u00e2nsito infernal paulistano. Pensei na falta de capacete, no asfalto escorregadio, na dificuldade de vis\u00e3o naquela chuva, e, agora, nos milh\u00f5es de espelhos de carro que se transformaram, na minha cabe\u00e7a, em ganchos e armadilhas para fr\u00e1geis criaturas sobre rodas mais fr\u00e1geis ainda. E se ele enganchasse em mais um e batesse a cabe\u00e7a no carro ao lado?<\/p>\n<p>O rapaz foi embora, provavelmente com alguns ossos da m\u00e3o quebrados, talvez com um ligamento rompido, sem entender que eu n\u00e3o era o \u201coutro\u201d.<\/p>\n<p>S\u00f3 que os demais milh\u00f5es eram.<\/p>\n","protected":false},"excerpt":{"rendered":"<p>\u201cO inferno s\u00e3o os outros\u201d, disse Sartre (L&#8217;enfer, c&#8217;est les autres). De um ponto de vista mais antropol\u00f3gico, o inferno \u00e9 o outro constitu\u00eddo como tal, prenhe daquela alteridade que nos incomoda, que rejeitamos e que possivelmente odiamos. Hoje li o relato publicado do caso que j\u00e1 conhecia. Minha amiga, ciclista e ativista ambiental, pela [&hellip;]<\/p>\n","protected":false},"author":2,"featured_media":0,"comment_status":"open","ping_status":"open","sticky":false,"template":"","format":"standard","meta":{"_seopress_robots_primary_cat":"","_seopress_titles_title":"","_seopress_titles_desc":"","_seopress_robots_index":"","site-sidebar-layout":"default","site-content-layout":"","ast-site-content-layout":"","site-content-style":"default","site-sidebar-style":"default","ast-global-header-display":"","ast-banner-title-visibility":"","ast-main-header-display":"","ast-hfb-above-header-display":"","ast-hfb-below-header-display":"","ast-hfb-mobile-header-display":"","site-post-title":"","ast-breadcrumbs-content":"","ast-featured-img":"","footer-sml-layout":"","theme-transparent-header-meta":"","adv-header-id-meta":"","stick-header-meta":"","header-above-stick-meta":"","header-main-stick-meta":"","header-below-stick-meta":"","astra-migrate-meta-layouts":"default","ast-page-background-enabled":"default","ast-page-background-meta":{"desktop":{"background-color":"","background-image":"","background-repeat":"repeat","background-position":"center center","background-size":"auto","background-attachment":"scroll","background-type":"","background-media":"","overlay-type":"","overlay-color":"","overlay-opacity":"","overlay-gradient":""},"tablet":{"background-color":"","background-image":"","background-repeat":"repeat","background-position":"center center","background-size":"auto","background-attachment":"scroll","background-type":"","background-media":"","overlay-type":"","overlay-color":"","overlay-opacity":"","overlay-gradient":""},"mobile":{"background-color":"","background-image":"","background-repeat":"repeat","background-position":"center center","background-size":"auto","background-attachment":"scroll","background-type":"","background-media":"","overlay-type":"","overlay-color":"","overlay-opacity":"","overlay-gradient":""}},"ast-content-background-meta":{"desktop":{"background-color":"var(--ast-global-color-5)","background-image":"","background-repeat":"repeat","background-position":"center center","background-size":"auto","background-attachment":"scroll","background-type":"","background-media":"","overlay-type":"","overlay-color":"","overlay-opacity":"","overlay-gradient":""},"tablet":{"background-color":"var(--ast-global-color-5)","background-image":"","background-repeat":"repeat","background-position":"center center","background-size":"auto","background-attachment":"scroll","background-type":"","background-media":"","overlay-type":"","overlay-color":"","overlay-opacity":"","overlay-gradient":""},"mobile":{"background-color":"var(--ast-global-color-5)","background-image":"","background-repeat":"repeat","background-position":"center center","background-size":"auto","background-attachment":"scroll","background-type":"","background-media":"","overlay-type":"","overlay-color":"","overlay-opacity":"","overlay-gradient":""}},"footnotes":""},"categories":[1119,1225],"tags":[1651,1652,15,1653,1654,1655,1656,1657],"_links":{"self":[{"href":"https:\/\/www.mariliacoutinho.com\/pt-br\/wp-json\/wp\/v2\/posts\/4938"}],"collection":[{"href":"https:\/\/www.mariliacoutinho.com\/pt-br\/wp-json\/wp\/v2\/posts"}],"about":[{"href":"https:\/\/www.mariliacoutinho.com\/pt-br\/wp-json\/wp\/v2\/types\/post"}],"author":[{"embeddable":true,"href":"https:\/\/www.mariliacoutinho.com\/pt-br\/wp-json\/wp\/v2\/users\/2"}],"replies":[{"embeddable":true,"href":"https:\/\/www.mariliacoutinho.com\/pt-br\/wp-json\/wp\/v2\/comments?post=4938"}],"version-history":[{"count":0,"href":"https:\/\/www.mariliacoutinho.com\/pt-br\/wp-json\/wp\/v2\/posts\/4938\/revisions"}],"wp:attachment":[{"href":"https:\/\/www.mariliacoutinho.com\/pt-br\/wp-json\/wp\/v2\/media?parent=4938"}],"wp:term":[{"taxonomy":"category","embeddable":true,"href":"https:\/\/www.mariliacoutinho.com\/pt-br\/wp-json\/wp\/v2\/categories?post=4938"},{"taxonomy":"post_tag","embeddable":true,"href":"https:\/\/www.mariliacoutinho.com\/pt-br\/wp-json\/wp\/v2\/tags?post=4938"}],"curies":[{"name":"wp","href":"https:\/\/api.w.org\/{rel}","templated":true}]}}