{"id":5240,"date":"2006-02-12T11:05:00","date_gmt":"2006-02-12T11:05:00","guid":{"rendered":"https:\/\/inveske.co.uk\/depressao-e-meditacao-bola-na-rede-para-a-epoca\/"},"modified":"2006-02-12T11:05:00","modified_gmt":"2006-02-12T11:05:00","slug":"depressao-e-meditacao-bola-na-rede-para-a-epoca","status":"publish","type":"post","link":"https:\/\/www.mariliacoutinho.com\/pt-br\/depressao-e-meditacao-bola-na-rede-para-a-epoca\/","title":{"rendered":"Depress\u00e3o e medita\u00e7\u00e3o \u2013 bola na rede para a \u00c9poca"},"content":{"rendered":"<p>A edi\u00e7\u00e3o do dia 6 de fevereiro da revista \u00c9poca, no. 403, 2006, tem como mat\u00e9ria de capa \u201cDepress\u00e3o \u2013 novas pesquisas afirmam que a medita\u00e7\u00e3o pode substituir \u2013 ou complementar \u2013 os antidepressivos\u201d. T\u00e2nia Nogueira, Suzane Frutuoso e Renata Leal, as autoras, foram corajosas e cautelosas do t\u00edtulo ao ponto final. No t\u00edtulo, passa desapercebido o que para mim saltou aos olhos na banca como um verdadeiro ato de heroismo, a coragem que beira o perigo: \u201c\u2026 pode SUBSTITUIR -\u2026\u201d. Tudo bem, veio seguido do cauteloso e correto \u201cou complementar\u201d. Mas tiveram a coragem de afirmar que, pelo menos \u00e9 poss\u00edvel que, em determinadas circunst\u00e2ncias, em determinados casos, a medita\u00e7\u00e3o possa libertar o paciente da pris\u00e3o farmacol\u00f3gica. N\u00e3o sei como isso passou. O bra\u00e7o da ind\u00fastria farmac\u00eautica \u00e9 comprido e tentaculado. Seus fi\u00e9is guardi\u00f5es, os psiquiatras mainstream, devem ter percebido o que percebi e reagido \u2013 tarde demais. A revista teve coragem de abrir essa brecha ao p\u00fablico de pacientes. Uma vez li uma entrevista da psiquiatra e templ\u00e1ria da ind\u00fastria farmac\u00eautica Patr\u00edcia Hochgraff afirmando que era um crime divulgar a \u201cfalsa id\u00e9ia\u201d de que qualquer outro tratamento que n\u00e3o o farmacol\u00f3gico poderia ser empregado em desordens de humor \u2013 no caso, ela atacava o emprego terap\u00eautico da atividade f\u00edsica como tratamento exclusivo.<br \/>\nNo texto, h\u00e1 uma breve, por\u00e9m informativa entrevista com Richard Davidson, que pesquisa o tema h\u00e1 anos e ao longo do texto da reportagem, cita\u00e7\u00f5es de outras pesquisas feitas em laborat\u00f3rios estrangeiros.<br \/>\nA reportagem \u00e9 cautelosa em advertir que os mecanismos fisiol\u00f3gicos precisos que tornam a pr\u00e1tica da medita\u00e7\u00e3o eficiente no combate \u00e0 depress\u00e3o n\u00e3o s\u00e3o plenamente conhecidos. Na verdade, mal come\u00e7am a ser conhecidos. Tamb\u00e9m achei importante frisar que os benef\u00edcios duradouros s\u00f3 podem ser observados a longo prazo e que modifica\u00e7\u00f5es nos padr\u00f5es cerebrais s\u00f3 s\u00e3o conhecidas em praticantes cr\u00f4nicos e antigos.<br \/>\nNuma frase da reportagem, compara-se o efeito da medita\u00e7\u00e3o ao da atividade f\u00edsica.<br \/>\nEu diria que, entre as duas, h\u00e1 mais do que o efeito terap\u00eautico em comum. H\u00e1 o desconhecimento das bases fisiol\u00f3gicas e neuro-qu\u00edmicas, frutos de um desinteresse da comunidade cient\u00edfica que n\u00e3o tenho d\u00favidas em afirmar ser produto dos fortes interesses da ind\u00fastria farmac\u00eautica.<br \/>\nEspero que a \u00c9poca continue na linha de abordar estas quest\u00f5es com coragem e que a pr\u00f3xima reportagem seja sobre os efeitos da atividade f\u00edsica sobre as desordens mentais, onde as conclus\u00f5es n\u00e3o ser\u00e3o muito diferentes: existem, s\u00e3o importantes, mas ningu\u00e9m sabe realmente como acontece\u2026<\/p>\n<p>Marilia <\/p>\n<p style=\"margin-top: 0; margin-bottom: 0\"><b><font face=\"Georgia\" size=\"1\"><br \/>\n<a href=\"http:\/\/www.bodystuff.org\/\">BodyStuff<\/a><\/font><\/b><\/p>\n","protected":false},"excerpt":{"rendered":"<p>A edi\u00e7\u00e3o do dia 6 de fevereiro da revista \u00c9poca, no. 403, 2006, tem como mat\u00e9ria de capa \u201cDepress\u00e3o \u2013 novas pesquisas afirmam que a medita\u00e7\u00e3o pode substituir \u2013 ou complementar \u2013 os antidepressivos\u201d. T\u00e2nia Nogueira, Suzane Frutuoso e Renata Leal, as autoras, foram corajosas e cautelosas do t\u00edtulo ao ponto final. No t\u00edtulo, passa [&hellip;]<\/p>\n","protected":false},"author":2,"featured_media":0,"comment_status":"open","ping_status":"open","sticky":false,"template":"","format":"standard","meta":{"_seopress_robots_primary_cat":"","_seopress_titles_title":"","_seopress_titles_desc":"","_seopress_robots_index":"","site-sidebar-layout":"default","site-content-layout":"","ast-site-content-layout":"","site-content-style":"default","site-sidebar-style":"default","ast-global-header-display":"","ast-banner-title-visibility":"","ast-main-header-display":"","ast-hfb-above-header-display":"","ast-hfb-below-header-display":"","ast-hfb-mobile-header-display":"","site-post-title":"","ast-breadcrumbs-content":"","ast-featured-img":"","footer-sml-layout":"","theme-transparent-header-meta":"","adv-header-id-meta":"","stick-header-meta":"","header-above-stick-meta":"","header-main-stick-meta":"","header-below-stick-meta":"","astra-migrate-meta-layouts":"default","ast-page-background-enabled":"default","ast-page-background-meta":{"desktop":{"background-color":"","background-image":"","background-repeat":"repeat","background-position":"center center","background-size":"auto","background-attachment":"scroll","background-type":"","background-media":"","overlay-type":"","overlay-color":"","overlay-opacity":"","overlay-gradient":""},"tablet":{"background-color":"","background-image":"","background-repeat":"repeat","background-position":"center center","background-size":"auto","background-attachment":"scroll","background-type":"","background-media":"","overlay-type":"","overlay-color":"","overlay-opacity":"","overlay-gradient":""},"mobile":{"background-color":"","background-image":"","background-repeat":"repeat","background-position":"center center","background-size":"auto","background-attachment":"scroll","background-type":"","background-media":"","overlay-type":"","overlay-color":"","overlay-opacity":"","overlay-gradient":""}},"ast-content-background-meta":{"desktop":{"background-color":"var(--ast-global-color-5)","background-image":"","background-repeat":"repeat","background-position":"center center","background-size":"auto","background-attachment":"scroll","background-type":"","background-media":"","overlay-type":"","overlay-color":"","overlay-opacity":"","overlay-gradient":""},"tablet":{"background-color":"var(--ast-global-color-5)","background-image":"","background-repeat":"repeat","background-position":"center center","background-size":"auto","background-attachment":"scroll","background-type":"","background-media":"","overlay-type":"","overlay-color":"","overlay-opacity":"","overlay-gradient":""},"mobile":{"background-color":"var(--ast-global-color-5)","background-image":"","background-repeat":"repeat","background-position":"center center","background-size":"auto","background-attachment":"scroll","background-type":"","background-media":"","overlay-type":"","overlay-color":"","overlay-opacity":"","overlay-gradient":""}},"footnotes":""},"categories":[19],"tags":[],"_links":{"self":[{"href":"https:\/\/www.mariliacoutinho.com\/pt-br\/wp-json\/wp\/v2\/posts\/5240"}],"collection":[{"href":"https:\/\/www.mariliacoutinho.com\/pt-br\/wp-json\/wp\/v2\/posts"}],"about":[{"href":"https:\/\/www.mariliacoutinho.com\/pt-br\/wp-json\/wp\/v2\/types\/post"}],"author":[{"embeddable":true,"href":"https:\/\/www.mariliacoutinho.com\/pt-br\/wp-json\/wp\/v2\/users\/2"}],"replies":[{"embeddable":true,"href":"https:\/\/www.mariliacoutinho.com\/pt-br\/wp-json\/wp\/v2\/comments?post=5240"}],"version-history":[{"count":0,"href":"https:\/\/www.mariliacoutinho.com\/pt-br\/wp-json\/wp\/v2\/posts\/5240\/revisions"}],"wp:attachment":[{"href":"https:\/\/www.mariliacoutinho.com\/pt-br\/wp-json\/wp\/v2\/media?parent=5240"}],"wp:term":[{"taxonomy":"category","embeddable":true,"href":"https:\/\/www.mariliacoutinho.com\/pt-br\/wp-json\/wp\/v2\/categories?post=5240"},{"taxonomy":"post_tag","embeddable":true,"href":"https:\/\/www.mariliacoutinho.com\/pt-br\/wp-json\/wp\/v2\/tags?post=5240"}],"curies":[{"name":"wp","href":"https:\/\/api.w.org\/{rel}","templated":true}]}}