{"id":5243,"date":"2006-02-21T12:15:00","date_gmt":"2006-02-21T12:15:00","guid":{"rendered":"https:\/\/inveske.co.uk\/seth-a-atitude-e-os-diferentes\/"},"modified":"2006-02-21T12:15:00","modified_gmt":"2006-02-21T12:15:00","slug":"seth-a-atitude-e-os-diferentes","status":"publish","type":"post","link":"https:\/\/www.mariliacoutinho.com\/pt-br\/seth-a-atitude-e-os-diferentes\/","title":{"rendered":"Seth, a atitude e os diferentes"},"content":{"rendered":"<p>Abri a porta, entrei na academia e fui recebida por Seth. Me senti imediatamente em casa. Ele me acompanhou at\u00e9 o escrit\u00f3rio de M\u00e1rio, o propriet\u00e1rio da Atitude academia (www.atitudesp.com.br) e permaneceu por ali, prestativo. Seth \u00e9 um filhote grande de boxer. Um c\u00e3o inteligente e amistoso.<br \/>\nM\u00e1rio me explicou que Seth tamb\u00e9m trabalha l\u00e1: participa de atividades de pet-terapia, por enquanto com crian\u00e7as.<br \/>\nFalamos sobre muitas coisas, desde as especialidades da Atitude at\u00e9 informa\u00e7\u00e3o em atividade f\u00edsica e reabilita\u00e7\u00e3o. Entendi que a Atitude \u00e9 uma academia que consegue suprir bem as demandas de p\u00fablicos especiais, como crian\u00e7as, lesionados e atletas em prepara\u00e7\u00e3o. Fiquei muito impressionada com os trabalhos de recupera\u00e7\u00e3o com portadores de desordens degenerativas graves, que s\u00e3o o foco dos estudos do M\u00e1rio. Achei que tudo isso era poss\u00edvel porque se trata de um espa\u00e7o onde se desenvolve um tipo de atendimento muito personalizado, onde o cliente\/paciente\/membro se envolve em programas criados de maneira integrada naquela rela\u00e7\u00e3o com o profissional. \u00c9 uma academia relativamente pequena e n\u00e3o consigo imaginar um trabalho desses em grande escala. Ele requer o tipo de rela\u00e7\u00e3o que s\u00f3 pode existir, ou pelo menos eu sinto que s\u00f3 possa existir em pequenas redes.<br \/>\nM\u00e1rio \u00e9 especialista em biomec\u00e2nica e atende gente com diabetes e desordens distr\u00f3ficas numa perspectiva que \u00e9 uma esp\u00e9cie de horizonte ideal do meu sonho de \u201cdesmarginalizar\u201d o treinamento de for\u00e7a e disponibilizar seus benef\u00edcios aos pacientes de doen\u00e7as cr\u00f4nicas.<br \/>\nFiz ent\u00e3o a pergunta que nunca quer calar na minha cabe\u00e7a: \u201ce desordem mental? Voc\u00ea j\u00e1 pegou?\u201d. Ele me respondeu: \u201cainda n\u00e3o, mas pensamos em usar o Seth&#8230;\u201d.<br \/>\nO que eu responderia naquele momento ficou entalado na garganta. N\u00e3o deu para falar. Mudei para o que sei e domino: informa\u00e7\u00e3o cient\u00edfica em atividade f\u00edsica.<br \/>\nMas o que eu ia falar \u00e9 que o M\u00e1rio nem faz id\u00e9ia de como acertou na mosca. Eu sou uma portadora de uma desordem mental. Sou portadora de uma forma muito grave de desordem bipolar. Ela s\u00f3 n\u00e3o se expressa mais e eu s\u00f3 tenho uma vida funcional porque consegui desenvolver para mim o programa correto de treinamento e nutri\u00e7\u00e3o. Pequenas escapadas s\u00e3o riscos grandes, j\u00e1 testei.<br \/>\nJ\u00e1 disse o que penso da psiquiatria e tenho minha guerra santa contra ela e sua mono-mania farmacol\u00f3gica, seu desprezo arrogante e ignorante contra a atividade f\u00edsica e a nutri\u00e7\u00e3o e sua prepot\u00eancia hostil com os pacientes vulner\u00e1veis.<br \/>\nSei do que um paciente desses precisa.<br \/>\nPrecisa do Seth.<br \/>\nPrecisa treinar num ambiente acolhedor, ser recebido por algu\u00e9m que lhe abane o toco de rabo, sorria e eventualmente at\u00e9 lhe lamba a m\u00e3o. Que tenha o pelo quentinho, que se deixe acariciar e assim lhe d\u00ea o \u00e2nimo que falta para trocar de roupa e puxar ferro numa manh\u00e3 de desespero e confus\u00e3o.<br \/>\nSeth, na mitologia Eg\u00edpcia, foi um cara estranho. N\u00e3o inteiramente do bem, nem do mal. Reinava no deserto, no lugar dos excluidos.<br \/>\nMe parece uma grande atitude essa, de acolher, com o apoio de Seth, aqueles que v\u00eam do deserto.<\/p>\n<p>Marilia <\/p>\n<p style=\"margin-top: 0; margin-bottom: 0\"><b><font face=\"Georgia\" size=\"1\"><br \/>\n<a href=\"http:\/\/www.bodystuff.org\/\">BodyStuff<\/a><\/font><\/b><\/p>\n","protected":false},"excerpt":{"rendered":"<p>Abri a porta, entrei na academia e fui recebida por Seth. Me senti imediatamente em casa. Ele me acompanhou at\u00e9 o escrit\u00f3rio de M\u00e1rio, o propriet\u00e1rio da Atitude academia (www.atitudesp.com.br) e permaneceu por ali, prestativo. Seth \u00e9 um filhote grande de boxer. Um c\u00e3o inteligente e amistoso. M\u00e1rio me explicou que Seth tamb\u00e9m trabalha l\u00e1: [&hellip;]<\/p>\n","protected":false},"author":2,"featured_media":0,"comment_status":"open","ping_status":"open","sticky":false,"template":"","format":"standard","meta":{"_seopress_robots_primary_cat":"","_seopress_titles_title":"","_seopress_titles_desc":"","_seopress_robots_index":"","site-sidebar-layout":"default","site-content-layout":"","ast-site-content-layout":"","site-content-style":"default","site-sidebar-style":"default","ast-global-header-display":"","ast-banner-title-visibility":"","ast-main-header-display":"","ast-hfb-above-header-display":"","ast-hfb-below-header-display":"","ast-hfb-mobile-header-display":"","site-post-title":"","ast-breadcrumbs-content":"","ast-featured-img":"","footer-sml-layout":"","theme-transparent-header-meta":"","adv-header-id-meta":"","stick-header-meta":"","header-above-stick-meta":"","header-main-stick-meta":"","header-below-stick-meta":"","astra-migrate-meta-layouts":"default","ast-page-background-enabled":"default","ast-page-background-meta":{"desktop":{"background-color":"","background-image":"","background-repeat":"repeat","background-position":"center center","background-size":"auto","background-attachment":"scroll","background-type":"","background-media":"","overlay-type":"","overlay-color":"","overlay-opacity":"","overlay-gradient":""},"tablet":{"background-color":"","background-image":"","background-repeat":"repeat","background-position":"center center","background-size":"auto","background-attachment":"scroll","background-type":"","background-media":"","overlay-type":"","overlay-color":"","overlay-opacity":"","overlay-gradient":""},"mobile":{"background-color":"","background-image":"","background-repeat":"repeat","background-position":"center center","background-size":"auto","background-attachment":"scroll","background-type":"","background-media":"","overlay-type":"","overlay-color":"","overlay-opacity":"","overlay-gradient":""}},"ast-content-background-meta":{"desktop":{"background-color":"var(--ast-global-color-5)","background-image":"","background-repeat":"repeat","background-position":"center center","background-size":"auto","background-attachment":"scroll","background-type":"","background-media":"","overlay-type":"","overlay-color":"","overlay-opacity":"","overlay-gradient":""},"tablet":{"background-color":"var(--ast-global-color-5)","background-image":"","background-repeat":"repeat","background-position":"center center","background-size":"auto","background-attachment":"scroll","background-type":"","background-media":"","overlay-type":"","overlay-color":"","overlay-opacity":"","overlay-gradient":""},"mobile":{"background-color":"var(--ast-global-color-5)","background-image":"","background-repeat":"repeat","background-position":"center center","background-size":"auto","background-attachment":"scroll","background-type":"","background-media":"","overlay-type":"","overlay-color":"","overlay-opacity":"","overlay-gradient":""}},"footnotes":""},"categories":[19],"tags":[],"_links":{"self":[{"href":"https:\/\/www.mariliacoutinho.com\/pt-br\/wp-json\/wp\/v2\/posts\/5243"}],"collection":[{"href":"https:\/\/www.mariliacoutinho.com\/pt-br\/wp-json\/wp\/v2\/posts"}],"about":[{"href":"https:\/\/www.mariliacoutinho.com\/pt-br\/wp-json\/wp\/v2\/types\/post"}],"author":[{"embeddable":true,"href":"https:\/\/www.mariliacoutinho.com\/pt-br\/wp-json\/wp\/v2\/users\/2"}],"replies":[{"embeddable":true,"href":"https:\/\/www.mariliacoutinho.com\/pt-br\/wp-json\/wp\/v2\/comments?post=5243"}],"version-history":[{"count":0,"href":"https:\/\/www.mariliacoutinho.com\/pt-br\/wp-json\/wp\/v2\/posts\/5243\/revisions"}],"wp:attachment":[{"href":"https:\/\/www.mariliacoutinho.com\/pt-br\/wp-json\/wp\/v2\/media?parent=5243"}],"wp:term":[{"taxonomy":"category","embeddable":true,"href":"https:\/\/www.mariliacoutinho.com\/pt-br\/wp-json\/wp\/v2\/categories?post=5243"},{"taxonomy":"post_tag","embeddable":true,"href":"https:\/\/www.mariliacoutinho.com\/pt-br\/wp-json\/wp\/v2\/tags?post=5243"}],"curies":[{"name":"wp","href":"https:\/\/api.w.org\/{rel}","templated":true}]}}